{"id":988,"date":"2025-10-11T13:35:19","date_gmt":"2025-10-11T11:35:19","guid":{"rendered":"https:\/\/rodleg.pl\/?p=988"},"modified":"2025-10-11T13:41:21","modified_gmt":"2025-10-11T11:41:21","slug":"dzialkowcy-5","status":"publish","type":"post","link":"https:\/\/rodleg.pl\/?p=988","title":{"rendered":"Dzia\u0142kowcy"},"content":{"rendered":"\n<p><strong>Zako\u0144czy\u0142 si\u0119 sezon dzia\u0142kowy 2025.<\/strong><br>Informujemy, \u017ce:<br>\u2013 pergola \u015bmietnikowa zostanie zamkni\u0119ta <strong>30 pa\u017adziernika 2025 r<\/strong>.<br>\u2013 dnia <strong>31 pa\u017adziernika 2025 r.<\/strong> zostanie wy\u0142\u0105czona woda ogrodowa<br>\u2013 dnia <strong>31 pa\u017adziernika 2025 r.<\/strong> zostanie wy\u0142\u0105czona woda pitna<br>\u2013 liczniki wody pitnej zostan\u0105 spisane przez osob\u0119 wyznaczon\u0105 przez zarz\u0105d w dniach<strong> 3 listopada do 9 listopada 2025 r.<\/strong><br>\u2013 lista z op\u0142at\u0105 za zu\u017cyt\u0105 wod\u0119 zostanie wywieszona na tablicy przy bramie g\u0142\u00f3wnej<strong> 12 listopada 2025 r.<\/strong><br>\u2013 worki z napisem <strong>SANIKO <\/strong>komercyjne mo\u017cna sk\u0142adowa\u0107 do ko\u0144ca roku 2025<br>\u2013 dnia 3 stycznia 2026 r. zostan\u0105 odczytywane liczniki energii elektrycznej za okres <strong>1 wrze\u015bnia 2025 r. do 31 grudnia 2025 r.<\/strong><br>\u2013 lista op\u0142at za zu\u017cyt\u0105 energi\u0119 zostanie wywieszona na tablicy przy bramie g\u0142\u00f3wnej w dniu <strong>6 stycznia 2026 r.<\/strong><br>\u2013 dnia <strong>7 lutego 2026 r. <\/strong>dzia\u0142kowcom zalegaj\u0105cym w op\u0142acie za energi\u0119 elektryczn\u0105 b\u0119dzie od\u0142\u0105czony pr\u0105d. Termin ponownego pod\u0142\u0105czenia podamy w p\u00f3\u017aniejszym ustalonym z elektrykiem terminie.<br>\u2013 dnia <strong>31 pa\u017adziernika 2025 r. do dnia 30 kwietnia 2026 r.<\/strong> zamkni\u0119ta zostanie brama numer 2 (od strony pola)<\/p>\n","protected":false},"excerpt":{"rendered":"<p>Zako\u0144czy\u0142 si\u0119 sezon dzia\u0142kowy 2025.Informujemy, \u017ce:\u2013 pergola \u015bmietnikowa zostanie zamkni\u0119ta 30 pa\u017adziernika 2025 r.\u2013 dnia 31 pa\u017adziernika 2025 r. zostanie wy\u0142\u0105czona woda ogrodowa\u2013 dnia 31 pa\u017adziernika 2025 r. zostanie wy\u0142\u0105czona woda pitna\u2013 liczniki wody pitnej zostan\u0105 spisane przez osob\u0119 wyznaczon\u0105 przez zarz\u0105d w dniach 3 listopada do 9 listopada 2025 r.\u2013 lista z op\u0142at\u0105 za [&hellip;]<\/p>\n","protected":false},"author":1,"featured_media":400,"comment_status":"closed","ping_status":"closed","sticky":false,"template":"","format":"standard","meta":{"footnotes":""},"categories":[9],"tags":[],"class_list":["post-988","post","type-post","status-publish","format-standard","has-post-thumbnail","hentry","category-komunikaty"],"_links":{"self":[{"href":"https:\/\/rodleg.pl\/index.php?rest_route=\/wp\/v2\/posts\/988","targetHints":{"allow":["GET"]}}],"collection":[{"href":"https:\/\/rodleg.pl\/index.php?rest_route=\/wp\/v2\/posts"}],"about":[{"href":"https:\/\/rodleg.pl\/index.php?rest_route=\/wp\/v2\/types\/post"}],"author":[{"embeddable":true,"href":"https:\/\/rodleg.pl\/index.php?rest_route=\/wp\/v2\/users\/1"}],"replies":[{"embeddable":true,"href":"https:\/\/rodleg.pl\/index.php?rest_route=%2Fwp%2Fv2%2Fcomments&post=988"}],"version-history":[{"count":3,"href":"https:\/\/rodleg.pl\/index.php?rest_route=\/wp\/v2\/posts\/988\/revisions"}],"predecessor-version":[{"id":991,"href":"https:\/\/rodleg.pl\/index.php?rest_route=\/wp\/v2\/posts\/988\/revisions\/991"}],"wp:featuredmedia":[{"embeddable":true,"href":"https:\/\/rodleg.pl\/index.php?rest_route=\/wp\/v2\/media\/400"}],"wp:attachment":[{"href":"https:\/\/rodleg.pl\/index.php?rest_route=%2Fwp%2Fv2%2Fmedia&parent=988"}],"wp:term":[{"taxonomy":"category","embeddable":true,"href":"https:\/\/rodleg.pl\/index.php?rest_route=%2Fwp%2Fv2%2Fcategories&post=988"},{"taxonomy":"post_tag","embeddable":true,"href":"https:\/\/rodleg.pl\/index.php?rest_route=%2Fwp%2Fv2%2Ftags&post=988"}],"curies":[{"name":"wp","href":"https:\/\/api.w.org\/{rel}","templated":true}]}}