{"id":901,"date":"2024-10-25T10:24:44","date_gmt":"2024-10-25T08:24:44","guid":{"rendered":"http:\/\/zsi.net.pl\/rodleg.pl\/?p=901"},"modified":"2024-10-25T10:25:13","modified_gmt":"2024-10-25T08:25:13","slug":"zakonczenie-sezonu-2024","status":"publish","type":"post","link":"https:\/\/rodleg.pl\/?p=901","title":{"rendered":"Zako\u0144czenie sezonu 2024"},"content":{"rendered":"\n<p><strong>Dzia\u0142kowcy. Zako\u0144czy\u0142 si\u0119 sezon dzia\u0142kowy 2024<\/strong><\/p>\n\n\n\n<p>Informujemy, \u017ce:<\/p>\n\n\n\n<p>&#8211; pergola \u015bmietnikowa zostanie zamkni\u0119ta 29.10.2024<\/p>\n\n\n\n<p>&#8211; dnia 31.10.2024 zostanie wy\u0142\u0105czona woda ogrodowa<\/p>\n\n\n\n<p>&#8211; dnia 31.10.2024 zostanie wy\u0142\u0105czona woda pitna<\/p>\n\n\n\n<p>&#8211; liczniki wody pitnej zostan\u0105 spisane przez osob\u0119 wyznaczon\u0105 przez Zarz\u0105d w dniach 31.10 do 07.11.2024<\/p>\n\n\n\n<p>&#8211; worki z napisem SANIKO Komercyjne mo\u017cna sk\u0142adowa\u0107 do ko\u0144ca roku 2024<\/p>\n\n\n\n<p>&#8211; dnia 03.01.2023r zostan\u0105 odczytywane liczniki energii elektrycznej za okres 01.09.2024 do 31.12.2024<\/p>\n\n\n\n<p>&#8211; dnia 25.01.2025r dzia\u0142kowcom zalegaj\u0105cym w opacie za energie elektryczna b\u0119dzie od\u0142\u0105czony pr\u0105d, o terminie ponownego pod\u0142\u0105czenie podamy w p\u00f3\u017aniejszym terminie ustalonym z elektrykiem<\/p>\n\n\n\n<p>&#8211; dnia 01.11.2024 do dnia 31.03.2025 zamkni\u0119ta zostanie brama nr 2 (od strony pola)<\/p>\n","protected":false},"excerpt":{"rendered":"<p>Dzia\u0142kowcy. Zako\u0144czy\u0142 si\u0119 sezon dzia\u0142kowy 2024 Informujemy, \u017ce: &#8211; pergola \u015bmietnikowa zostanie zamkni\u0119ta 29.10.2024 &#8211; dnia 31.10.2024 zostanie wy\u0142\u0105czona woda ogrodowa &#8211; dnia 31.10.2024 zostanie wy\u0142\u0105czona woda pitna &#8211; liczniki wody pitnej zostan\u0105 spisane przez osob\u0119 wyznaczon\u0105 przez Zarz\u0105d w dniach 31.10 do 07.11.2024 &#8211; worki z napisem SANIKO Komercyjne mo\u017cna sk\u0142adowa\u0107 do ko\u0144ca roku [&hellip;]<\/p>\n","protected":false},"author":1,"featured_media":400,"comment_status":"closed","ping_status":"closed","sticky":false,"template":"","format":"standard","meta":{"footnotes":""},"categories":[9],"tags":[],"class_list":["post-901","post","type-post","status-publish","format-standard","has-post-thumbnail","hentry","category-komunikaty"],"_links":{"self":[{"href":"https:\/\/rodleg.pl\/index.php?rest_route=\/wp\/v2\/posts\/901","targetHints":{"allow":["GET"]}}],"collection":[{"href":"https:\/\/rodleg.pl\/index.php?rest_route=\/wp\/v2\/posts"}],"about":[{"href":"https:\/\/rodleg.pl\/index.php?rest_route=\/wp\/v2\/types\/post"}],"author":[{"embeddable":true,"href":"https:\/\/rodleg.pl\/index.php?rest_route=\/wp\/v2\/users\/1"}],"replies":[{"embeddable":true,"href":"https:\/\/rodleg.pl\/index.php?rest_route=%2Fwp%2Fv2%2Fcomments&post=901"}],"version-history":[{"count":3,"href":"https:\/\/rodleg.pl\/index.php?rest_route=\/wp\/v2\/posts\/901\/revisions"}],"predecessor-version":[{"id":904,"href":"https:\/\/rodleg.pl\/index.php?rest_route=\/wp\/v2\/posts\/901\/revisions\/904"}],"wp:featuredmedia":[{"embeddable":true,"href":"https:\/\/rodleg.pl\/index.php?rest_route=\/wp\/v2\/media\/400"}],"wp:attachment":[{"href":"https:\/\/rodleg.pl\/index.php?rest_route=%2Fwp%2Fv2%2Fmedia&parent=901"}],"wp:term":[{"taxonomy":"category","embeddable":true,"href":"https:\/\/rodleg.pl\/index.php?rest_route=%2Fwp%2Fv2%2Fcategories&post=901"},{"taxonomy":"post_tag","embeddable":true,"href":"https:\/\/rodleg.pl\/index.php?rest_route=%2Fwp%2Fv2%2Ftags&post=901"}],"curies":[{"name":"wp","href":"https:\/\/api.w.org\/{rel}","templated":true}]}}