{"id":550,"date":"2019-10-19T21:14:49","date_gmt":"2019-10-19T19:14:49","guid":{"rendered":"http:\/\/zsi.net.pl\/rodleg.pl\/?p=550"},"modified":"2019-10-19T21:14:49","modified_gmt":"2019-10-19T19:14:49","slug":"informacja-dot-odpadow","status":"publish","type":"post","link":"https:\/\/rodleg.pl\/?p=550","title":{"rendered":"Informacja dot. odpad\u00f3w"},"content":{"rendered":"<div><img loading=\"lazy\" decoding=\"async\" class=\"alignleft size-thumbnail wp-image-551\" src=\"http:\/\/zsi.net.pl\/rodleg.pl\/wp-content\/uploads\/2019\/10\/saniko-150x150.png\" alt=\"\" width=\"150\" height=\"150\" srcset=\"https:\/\/rodleg.pl\/wp-content\/uploads\/2019\/10\/saniko-150x150.png 150w, https:\/\/rodleg.pl\/wp-content\/uploads\/2019\/10\/saniko.png 250w\" sizes=\"auto, (max-width: 150px) 100vw, 150px\" \/>Dnia 31 pa\u017adziernika 2019 r w godzinach rannych SANIKO zabiera pojemniki na odpady komunalne. Zostanie zamkni\u0119ta pergola \u015bmietnikowa.<\/div>\n<div>Uwaga.<\/div>\n<div><u><b>Do dnia 30 listopada 2019 r mo\u017cna sk\u0142adowa\u0107 br\u0105zowe worki z napisem SANIKO przy pergoli \u015bmietnikowej.<\/b><\/u><\/div>\n<div>Prosimy nie zostawia\u0107 innych work\u00f3w &#8211; Saniko ich nie zabierze, zostaniemy z tym na ca\u0142y okres zimowy &#8211; aby ustrzec si\u0119 przed robactwem, prosimy o przestrzeganie regulaminu ROD w tym zakresie.<\/div>\n","protected":false},"excerpt":{"rendered":"<p>Dnia 31 pa\u017adziernika 2019 r w godzinach rannych SANIKO zabiera pojemniki na odpady komunalne. Zostanie zamkni\u0119ta pergola \u015bmietnikowa. Uwaga. Do dnia 30 listopada 2019 r mo\u017cna sk\u0142adowa\u0107 br\u0105zowe worki z napisem SANIKO przy pergoli \u015bmietnikowej. Prosimy nie zostawia\u0107 innych work\u00f3w &#8211; Saniko ich nie zabierze, zostaniemy z tym na ca\u0142y okres zimowy &#8211; aby ustrzec [&hellip;]<\/p>\n","protected":false},"author":1,"featured_media":0,"comment_status":"closed","ping_status":"closed","sticky":false,"template":"","format":"standard","meta":{"footnotes":""},"categories":[9],"tags":[],"class_list":["post-550","post","type-post","status-publish","format-standard","hentry","category-komunikaty"],"_links":{"self":[{"href":"https:\/\/rodleg.pl\/index.php?rest_route=\/wp\/v2\/posts\/550","targetHints":{"allow":["GET"]}}],"collection":[{"href":"https:\/\/rodleg.pl\/index.php?rest_route=\/wp\/v2\/posts"}],"about":[{"href":"https:\/\/rodleg.pl\/index.php?rest_route=\/wp\/v2\/types\/post"}],"author":[{"embeddable":true,"href":"https:\/\/rodleg.pl\/index.php?rest_route=\/wp\/v2\/users\/1"}],"replies":[{"embeddable":true,"href":"https:\/\/rodleg.pl\/index.php?rest_route=%2Fwp%2Fv2%2Fcomments&post=550"}],"version-history":[{"count":1,"href":"https:\/\/rodleg.pl\/index.php?rest_route=\/wp\/v2\/posts\/550\/revisions"}],"predecessor-version":[{"id":552,"href":"https:\/\/rodleg.pl\/index.php?rest_route=\/wp\/v2\/posts\/550\/revisions\/552"}],"wp:attachment":[{"href":"https:\/\/rodleg.pl\/index.php?rest_route=%2Fwp%2Fv2%2Fmedia&parent=550"}],"wp:term":[{"taxonomy":"category","embeddable":true,"href":"https:\/\/rodleg.pl\/index.php?rest_route=%2Fwp%2Fv2%2Fcategories&post=550"},{"taxonomy":"post_tag","embeddable":true,"href":"https:\/\/rodleg.pl\/index.php?rest_route=%2Fwp%2Fv2%2Ftags&post=550"}],"curies":[{"name":"wp","href":"https:\/\/api.w.org\/{rel}","templated":true}]}}