{"id":530,"date":"2019-09-07T12:42:10","date_gmt":"2019-09-07T10:42:10","guid":{"rendered":"http:\/\/zsi.net.pl\/rodleg.pl\/?p=530"},"modified":"2019-09-07T12:43:10","modified_gmt":"2019-09-07T10:43:10","slug":"pozegnanie-lata","status":"publish","type":"post","link":"https:\/\/rodleg.pl\/?p=530","title":{"rendered":"Po\u017cegnanie Lata"},"content":{"rendered":"<p><strong><img loading=\"lazy\" decoding=\"async\" class=\" wp-image-400 alignleft\" src=\"http:\/\/zsi.net.pl\/rodleg.pl\/wp-content\/uploads\/2018\/03\/info.png\" alt=\"\" width=\"125\" height=\"125\" srcset=\"https:\/\/rodleg.pl\/wp-content\/uploads\/2018\/03\/info.png 250w, https:\/\/rodleg.pl\/wp-content\/uploads\/2018\/03\/info-150x150.png 150w\" sizes=\"auto, (max-width: 125px) 100vw, 125px\" \/>Dnia 28.09.2019 r. zapraszamy na godzin\u0119 17.00 na po\u017cegnanie lata<\/strong><br \/>\nSpotkanie przy ognisku przy \u015bwietlicy.<br \/>\nZabawa przy muzyce mechanicznej. Zaopatrzenie we w\u0142asnym zakresie. Je\u015bli pogoda nam nie b\u0119dzie sprzyja\u0107 to przeniesiemy si\u0119 do \u015bwietlicy, b\u0119dziemy bawi\u0107 si\u0119 przy muzyce mechanicznej.<\/p>\n<p style=\"text-align: right;\"><em><strong>Zarz\u0105d ROD \u0141\u0119g<\/strong> <\/em><\/p>\n","protected":false},"excerpt":{"rendered":"<p>Dnia 28.09.2019 r. zapraszamy na godzin\u0119 17.00 na po\u017cegnanie lata Spotkanie przy ognisku przy \u015bwietlicy. Zabawa przy muzyce mechanicznej. Zaopatrzenie we w\u0142asnym zakresie. Je\u015bli pogoda nam nie b\u0119dzie sprzyja\u0107 to przeniesiemy si\u0119 do \u015bwietlicy, b\u0119dziemy bawi\u0107 si\u0119 przy muzyce mechanicznej. Zarz\u0105d ROD \u0141\u0119g<\/p>\n","protected":false},"author":1,"featured_media":0,"comment_status":"closed","ping_status":"closed","sticky":false,"template":"","format":"standard","meta":{"footnotes":""},"categories":[9],"tags":[],"class_list":["post-530","post","type-post","status-publish","format-standard","hentry","category-komunikaty"],"_links":{"self":[{"href":"https:\/\/rodleg.pl\/index.php?rest_route=\/wp\/v2\/posts\/530","targetHints":{"allow":["GET"]}}],"collection":[{"href":"https:\/\/rodleg.pl\/index.php?rest_route=\/wp\/v2\/posts"}],"about":[{"href":"https:\/\/rodleg.pl\/index.php?rest_route=\/wp\/v2\/types\/post"}],"author":[{"embeddable":true,"href":"https:\/\/rodleg.pl\/index.php?rest_route=\/wp\/v2\/users\/1"}],"replies":[{"embeddable":true,"href":"https:\/\/rodleg.pl\/index.php?rest_route=%2Fwp%2Fv2%2Fcomments&post=530"}],"version-history":[{"count":2,"href":"https:\/\/rodleg.pl\/index.php?rest_route=\/wp\/v2\/posts\/530\/revisions"}],"predecessor-version":[{"id":532,"href":"https:\/\/rodleg.pl\/index.php?rest_route=\/wp\/v2\/posts\/530\/revisions\/532"}],"wp:attachment":[{"href":"https:\/\/rodleg.pl\/index.php?rest_route=%2Fwp%2Fv2%2Fmedia&parent=530"}],"wp:term":[{"taxonomy":"category","embeddable":true,"href":"https:\/\/rodleg.pl\/index.php?rest_route=%2Fwp%2Fv2%2Fcategories&post=530"},{"taxonomy":"post_tag","embeddable":true,"href":"https:\/\/rodleg.pl\/index.php?rest_route=%2Fwp%2Fv2%2Ftags&post=530"}],"curies":[{"name":"wp","href":"https:\/\/api.w.org\/{rel}","templated":true}]}}