{"id":506,"date":"2019-03-03T09:43:30","date_gmt":"2019-03-03T08:43:30","guid":{"rendered":"http:\/\/zsi.net.pl\/rodleg.pl\/?p=506"},"modified":"2019-03-03T09:43:30","modified_gmt":"2019-03-03T08:43:30","slug":"zebranie-sprawozdawczo-wyborcze-27-kwietnia-2019r","status":"publish","type":"post","link":"https:\/\/rodleg.pl\/?p=506","title":{"rendered":"Zebranie sprawozdawczo-wyborcze &#8211; 27 kwietnia 2019r"},"content":{"rendered":"<p><img loading=\"lazy\" decoding=\"async\" class=\"alignleft wp-image-400 size-thumbnail\" src=\"http:\/\/zsi.net.pl\/rodleg.pl\/wp-content\/uploads\/2018\/03\/info-150x150.png\" alt=\"\" width=\"150\" height=\"150\" srcset=\"https:\/\/rodleg.pl\/wp-content\/uploads\/2018\/03\/info-150x150.png 150w, https:\/\/rodleg.pl\/wp-content\/uploads\/2018\/03\/info.png 250w\" sizes=\"auto, (max-width: 150px) 100vw, 150px\" \/>Walne zebranie sprawozdawczo-wyborcze, odb\u0119dzie si\u0119 <strong>27 kwietnia 2019<\/strong> <strong>roku<\/strong> o godzinie <strong>14.00<\/strong> i 2-gi termin <strong>14.30<\/strong> w \u015bwietlicy ROD.<\/p>\n<p><em>W dniach 13 i 14 kwietnia w godzinach 10-15 w Biurze ROD mo\u017cna si\u0119 zapozna\u0107 z materia\u0142ami sprawozdawczymi.<\/em><\/p>\n","protected":false},"excerpt":{"rendered":"<p>Walne zebranie sprawozdawczo-wyborcze, odb\u0119dzie si\u0119 27 kwietnia 2019 roku o godzinie 14.00 i 2-gi termin 14.30 w \u015bwietlicy ROD. W dniach 13 i 14 kwietnia w godzinach 10-15 w Biurze ROD mo\u017cna si\u0119 zapozna\u0107 z materia\u0142ami sprawozdawczymi.<\/p>\n","protected":false},"author":1,"featured_media":0,"comment_status":"closed","ping_status":"closed","sticky":false,"template":"","format":"standard","meta":{"footnotes":""},"categories":[9],"tags":[],"class_list":["post-506","post","type-post","status-publish","format-standard","hentry","category-komunikaty"],"_links":{"self":[{"href":"https:\/\/rodleg.pl\/index.php?rest_route=\/wp\/v2\/posts\/506","targetHints":{"allow":["GET"]}}],"collection":[{"href":"https:\/\/rodleg.pl\/index.php?rest_route=\/wp\/v2\/posts"}],"about":[{"href":"https:\/\/rodleg.pl\/index.php?rest_route=\/wp\/v2\/types\/post"}],"author":[{"embeddable":true,"href":"https:\/\/rodleg.pl\/index.php?rest_route=\/wp\/v2\/users\/1"}],"replies":[{"embeddable":true,"href":"https:\/\/rodleg.pl\/index.php?rest_route=%2Fwp%2Fv2%2Fcomments&post=506"}],"version-history":[{"count":1,"href":"https:\/\/rodleg.pl\/index.php?rest_route=\/wp\/v2\/posts\/506\/revisions"}],"predecessor-version":[{"id":507,"href":"https:\/\/rodleg.pl\/index.php?rest_route=\/wp\/v2\/posts\/506\/revisions\/507"}],"wp:attachment":[{"href":"https:\/\/rodleg.pl\/index.php?rest_route=%2Fwp%2Fv2%2Fmedia&parent=506"}],"wp:term":[{"taxonomy":"category","embeddable":true,"href":"https:\/\/rodleg.pl\/index.php?rest_route=%2Fwp%2Fv2%2Fcategories&post=506"},{"taxonomy":"post_tag","embeddable":true,"href":"https:\/\/rodleg.pl\/index.php?rest_route=%2Fwp%2Fv2%2Ftags&post=506"}],"curies":[{"name":"wp","href":"https:\/\/api.w.org\/{rel}","templated":true}]}}