{"id":49,"date":"2019-08-09T10:19:52","date_gmt":"2019-08-09T08:19:52","guid":{"rendered":"http:\/\/zsi.net.pl\/rodleg.pl\/?p=49"},"modified":"2024-11-16T17:45:48","modified_gmt":"2024-11-16T16:45:48","slug":"komisja-rewizyjna","status":"publish","type":"post","link":"https:\/\/rodleg.pl\/?p=49","title":{"rendered":"Komisja Rewizyjna"},"content":{"rendered":"\n<p><span style=\"font-size: 14pt;\"><strong>Komisja Rewizyjna<\/strong><\/span><br><strong>Przewodnicz\u0105cy<\/strong><br><strong>Piotr Charaba<\/strong><\/p>\n\n\n\n<figure class=\"wp-block-image\"><img loading=\"lazy\" decoding=\"async\" width=\"150\" height=\"150\" src=\"http:\/\/zsi.net.pl\/rodleg.pl\/wp-content\/uploads\/2018\/01\/mezczyzna-150x150.png\" alt=\"\" class=\"wp-image-39\" srcset=\"https:\/\/rodleg.pl\/wp-content\/uploads\/2018\/01\/mezczyzna-150x150.png 150w, https:\/\/rodleg.pl\/wp-content\/uploads\/2018\/01\/mezczyzna.png 200w\" sizes=\"auto, (max-width: 150px) 100vw, 150px\" \/><\/figure>\n\n\n\n<p>Kontakt: <a href=\"https:\/\/poczta.o2.pl\/d\/#\">rewizjarodleg@gmail.com<\/a><\/p>\n\n\n\n<hr class=\"wp-block-separator has-alpha-channel-opacity\"\/>\n\n\n\n<hr class=\"wp-block-separator has-alpha-channel-opacity is-style-default\"\/>\n\n\n\n<p><strong>Cz\u0142onek Komisji Rewizyjnej<br>Dorota Daczkowska<br><\/strong><\/p>\n\n\n<div class=\"wp-block-image\">\n<figure class=\"alignleft\"><img loading=\"lazy\" decoding=\"async\" width=\"150\" height=\"150\" src=\"http:\/\/zsi.net.pl\/rodleg.pl\/wp-content\/uploads\/2018\/01\/kobieta-150x150.png\" alt=\"\" class=\"wp-image-37\" srcset=\"https:\/\/rodleg.pl\/wp-content\/uploads\/2018\/01\/kobieta-150x150.png 150w, https:\/\/rodleg.pl\/wp-content\/uploads\/2018\/01\/kobieta.png 200w\" sizes=\"auto, (max-width: 150px) 100vw, 150px\" \/><\/figure><\/div>\n\n\n<hr class=\"wp-block-separator has-alpha-channel-opacity\"\/>\n\n\n\n<p><\/p>\n\n\n\n<p><\/p>\n\n\n\n<p><\/p>\n\n\n\n<p><strong>Cz\u0142onek Komisji Rewizyjnej<br>Edyta Macieja<br><\/strong><\/p>\n\n\n<div class=\"wp-block-image\">\n<figure class=\"alignleft\"><img loading=\"lazy\" decoding=\"async\" width=\"150\" height=\"150\" src=\"http:\/\/zsi.net.pl\/rodleg.pl\/wp-content\/uploads\/2018\/01\/kobieta-150x150.png\" alt=\"\" class=\"wp-image-37\" srcset=\"https:\/\/rodleg.pl\/wp-content\/uploads\/2018\/01\/kobieta-150x150.png 150w, https:\/\/rodleg.pl\/wp-content\/uploads\/2018\/01\/kobieta.png 200w\" sizes=\"auto, (max-width: 150px) 100vw, 150px\" \/><\/figure><\/div>","protected":false},"excerpt":{"rendered":"<p>Komisja RewizyjnaPrzewodnicz\u0105cyPiotr Charaba Kontakt: rewizjarodleg@gmail.com Cz\u0142onek Komisji RewizyjnejDorota Daczkowska Cz\u0142onek Komisji RewizyjnejEdyta Macieja<\/p>\n","protected":false},"author":1,"featured_media":0,"comment_status":"closed","ping_status":"closed","sticky":false,"template":"","format":"standard","meta":{"footnotes":""},"categories":[6],"tags":[],"class_list":["post-49","post","type-post","status-publish","format-standard","hentry","category-komisja-rewizyjna"],"_links":{"self":[{"href":"https:\/\/rodleg.pl\/index.php?rest_route=\/wp\/v2\/posts\/49","targetHints":{"allow":["GET"]}}],"collection":[{"href":"https:\/\/rodleg.pl\/index.php?rest_route=\/wp\/v2\/posts"}],"about":[{"href":"https:\/\/rodleg.pl\/index.php?rest_route=\/wp\/v2\/types\/post"}],"author":[{"embeddable":true,"href":"https:\/\/rodleg.pl\/index.php?rest_route=\/wp\/v2\/users\/1"}],"replies":[{"embeddable":true,"href":"https:\/\/rodleg.pl\/index.php?rest_route=%2Fwp%2Fv2%2Fcomments&post=49"}],"version-history":[{"count":10,"href":"https:\/\/rodleg.pl\/index.php?rest_route=\/wp\/v2\/posts\/49\/revisions"}],"predecessor-version":[{"id":915,"href":"https:\/\/rodleg.pl\/index.php?rest_route=\/wp\/v2\/posts\/49\/revisions\/915"}],"wp:attachment":[{"href":"https:\/\/rodleg.pl\/index.php?rest_route=%2Fwp%2Fv2%2Fmedia&parent=49"}],"wp:term":[{"taxonomy":"category","embeddable":true,"href":"https:\/\/rodleg.pl\/index.php?rest_route=%2Fwp%2Fv2%2Fcategories&post=49"},{"taxonomy":"post_tag","embeddable":true,"href":"https:\/\/rodleg.pl\/index.php?rest_route=%2Fwp%2Fv2%2Ftags&post=49"}],"curies":[{"name":"wp","href":"https:\/\/api.w.org\/{rel}","templated":true}]}}