{"id":35,"date":"2025-03-13T10:01:43","date_gmt":"2025-03-13T09:01:43","guid":{"rendered":"http:\/\/zsi.net.pl\/rodleg.pl\/?p=35"},"modified":"2025-10-26T08:14:20","modified_gmt":"2025-10-26T07:14:20","slug":"zarzad-rod-leg","status":"publish","type":"post","link":"https:\/\/rodleg.pl\/?p=35","title":{"rendered":"Zarz\u0105d ROD &#8222;\u0141\u0119g&#8221;"},"content":{"rendered":"<p><span style=\"font-size: 14pt;\"><strong>Zarz\u0105d Rodzinnego Ogrodu Dzia\u0142kowego &#8222;\u0141\u0119g&#8221;<\/strong><\/span><\/p>\n<p><strong>Prezes<\/strong><\/p>\n<p><strong>Ewa Przybylska<br \/><\/strong><\/p>\n<p><img loading=\"lazy\" decoding=\"async\" class=\"alignnone wp-image-37\" src=\"http:\/\/zsi.net.pl\/rodleg.pl\/wp-content\/uploads\/2018\/01\/kobieta-150x150.png\" alt=\"\" width=\"125\" height=\"125\" srcset=\"https:\/\/rodleg.pl\/wp-content\/uploads\/2018\/01\/kobieta-150x150.png 150w, https:\/\/rodleg.pl\/wp-content\/uploads\/2018\/01\/kobieta.png 200w\" sizes=\"auto, (max-width: 125px) 100vw, 125px\" \/><\/p>\n<p>kontakt:<\/p>\n<hr \/>\n<p><strong>Skarbnik<\/strong><\/p>\n<p><strong>Grzegorz Ko\u0142tu\u0144ski<br \/><\/strong><\/p>\n<p><strong>\u00a0<\/strong><img loading=\"lazy\" decoding=\"async\" class=\"alignnone wp-image-39\" src=\"http:\/\/zsi.net.pl\/rodleg.pl\/wp-content\/uploads\/2018\/01\/mezczyzna.png\" alt=\"\" width=\"125\" height=\"125\" srcset=\"https:\/\/rodleg.pl\/wp-content\/uploads\/2018\/01\/mezczyzna.png 200w, https:\/\/rodleg.pl\/wp-content\/uploads\/2018\/01\/mezczyzna-150x150.png 150w\" sizes=\"auto, (max-width: 125px) 100vw, 125px\" \/><\/p>\n<hr \/>\n<p><strong>Sekretarz<\/strong><\/p>\n<p><strong>Justyna Kotarska<br \/><\/strong><\/p>\n<p><img loading=\"lazy\" decoding=\"async\" class=\"alignnone wp-image-37\" src=\"http:\/\/zsi.net.pl\/rodleg.pl\/wp-content\/uploads\/2018\/01\/kobieta-150x150.png\" alt=\"\" width=\"125\" height=\"125\" srcset=\"https:\/\/rodleg.pl\/wp-content\/uploads\/2018\/01\/kobieta-150x150.png 150w, https:\/\/rodleg.pl\/wp-content\/uploads\/2018\/01\/kobieta.png 200w\" sizes=\"auto, (max-width: 125px) 100vw, 125px\" \/><\/p>\n<hr \/>\n<p><strong>Cz\u0142onek Zarz\u0105du<\/strong><\/p>\n<p><strong>Grzegorz Michalski<\/strong><\/p>\n<p><img loading=\"lazy\" decoding=\"async\" class=\"alignnone wp-image-39\" src=\"http:\/\/zsi.net.pl\/rodleg.pl\/wp-content\/uploads\/2018\/01\/mezczyzna.png\" alt=\"\" width=\"125\" height=\"125\" srcset=\"https:\/\/rodleg.pl\/wp-content\/uploads\/2018\/01\/mezczyzna.png 200w, https:\/\/rodleg.pl\/wp-content\/uploads\/2018\/01\/mezczyzna-150x150.png 150w\" sizes=\"auto, (max-width: 125px) 100vw, 125px\" \/><\/p>\n<hr \/>\n\n\n<p><strong>Cz\u0142onek Zarz\u0105du<\/strong><\/p>\n\n\n\n<p><strong>Ma\u0142gorzata Nowacka<\/strong><\/p>\n\n\n\n<figure class=\"wp-block-image is-resized\"><img loading=\"lazy\" decoding=\"async\" width=\"150\" height=\"150\" src=\"http:\/\/zsi.net.pl\/rodleg.pl\/wp-content\/uploads\/2018\/01\/kobieta-150x150.png\" alt=\"\" class=\"wp-image-37\" style=\"width:125px;height:125px\" srcset=\"https:\/\/rodleg.pl\/wp-content\/uploads\/2018\/01\/kobieta-150x150.png 150w, https:\/\/rodleg.pl\/wp-content\/uploads\/2018\/01\/kobieta.png 200w\" sizes=\"auto, (max-width: 150px) 100vw, 150px\" \/><\/figure>\n\n\n\n<figure class=\"wp-block-gallery has-nested-images columns-default is-cropped wp-block-gallery-1 is-layout-flex wp-block-gallery-is-layout-flex\"><\/figure>\n","protected":false},"excerpt":{"rendered":"<p>Zarz\u0105d Rodzinnego Ogrodu Dzia\u0142kowego &#8222;\u0141\u0119g&#8221; Prezes Ewa Przybylska kontakt: Skarbnik Grzegorz Ko\u0142tu\u0144ski \u00a0 Sekretarz Justyna Kotarska Cz\u0142onek Zarz\u0105du Grzegorz Michalski Cz\u0142onek Zarz\u0105du Ma\u0142gorzata Nowacka<\/p>\n","protected":false},"author":1,"featured_media":0,"comment_status":"closed","ping_status":"closed","sticky":false,"template":"","format":"standard","meta":{"footnotes":""},"categories":[4],"tags":[],"class_list":["post-35","post","type-post","status-publish","format-standard","hentry","category-zarzad-rod-leg"],"_links":{"self":[{"href":"https:\/\/rodleg.pl\/index.php?rest_route=\/wp\/v2\/posts\/35","targetHints":{"allow":["GET"]}}],"collection":[{"href":"https:\/\/rodleg.pl\/index.php?rest_route=\/wp\/v2\/posts"}],"about":[{"href":"https:\/\/rodleg.pl\/index.php?rest_route=\/wp\/v2\/types\/post"}],"author":[{"embeddable":true,"href":"https:\/\/rodleg.pl\/index.php?rest_route=\/wp\/v2\/users\/1"}],"replies":[{"embeddable":true,"href":"https:\/\/rodleg.pl\/index.php?rest_route=%2Fwp%2Fv2%2Fcomments&post=35"}],"version-history":[{"count":16,"href":"https:\/\/rodleg.pl\/index.php?rest_route=\/wp\/v2\/posts\/35\/revisions"}],"predecessor-version":[{"id":996,"href":"https:\/\/rodleg.pl\/index.php?rest_route=\/wp\/v2\/posts\/35\/revisions\/996"}],"wp:attachment":[{"href":"https:\/\/rodleg.pl\/index.php?rest_route=%2Fwp%2Fv2%2Fmedia&parent=35"}],"wp:term":[{"taxonomy":"category","embeddable":true,"href":"https:\/\/rodleg.pl\/index.php?rest_route=%2Fwp%2Fv2%2Fcategories&post=35"},{"taxonomy":"post_tag","embeddable":true,"href":"https:\/\/rodleg.pl\/index.php?rest_route=%2Fwp%2Fv2%2Ftags&post=35"}],"curies":[{"name":"wp","href":"https:\/\/api.w.org\/{rel}","templated":true}]}}